{"id":4091,"date":"2025-11-17T16:28:09","date_gmt":"2025-11-17T15:28:09","guid":{"rendered":"https:\/\/www.feuerwehr-grafenschachen.at\/fw\/?p=4091"},"modified":"2025-11-20T08:52:48","modified_gmt":"2025-11-20T07:52:48","slug":"in-tiefster-trauer-2","status":"publish","type":"post","link":"https:\/\/www.feuerwehr-grafenschachen.at\/fw\/allgemein\/in-tiefster-trauer-2\/","title":{"rendered":"In tiefster Trauer\u2026"},"content":{"rendered":"\n<p>Fassungslos, best\u00fcrzt und mit tiefster Trauer erf\u00fcllt die Freiwillige Feuerwehr Grafenschachen die Pflicht, vom Ableben ihres Kameraden,<\/p>\n\n\n\n<p class=\"has-text-align-center\"><strong>Herrn Ehren-Feuerwehrkommandant OBI Martin Hoppel<\/strong><\/p>\n\n\n\n<p class=\"has-text-align-center\">12.03.1976 \u2013 15.11.2025<\/p>\n\n\n\n<p>Nachricht zu geben.<\/p>\n\n\n\n<!--more-->\n\n\n\n<figure class=\"wp-block-gallery has-nested-images columns-default is-cropped wp-block-gallery-1 is-layout-flex wp-block-gallery-is-layout-flex\">\n<figure class=\"wp-block-image size-large\"><img loading=\"lazy\" decoding=\"async\" width=\"2000\" height=\"1500\" data-id=\"4099\" src=\"https:\/\/www.feuerwehr-grafenschachen.at\/fw\/wp-content\/uploads\/2025\/11\/Wir-trauern-var02-edited.png\" alt=\"\" class=\"wp-image-4099\" srcset=\"https:\/\/www.feuerwehr-grafenschachen.at\/fw\/wp-content\/uploads\/2025\/11\/Wir-trauern-var02-edited.png 2000w, https:\/\/www.feuerwehr-grafenschachen.at\/fw\/wp-content\/uploads\/2025\/11\/Wir-trauern-var02-edited-300x225.png 300w, https:\/\/www.feuerwehr-grafenschachen.at\/fw\/wp-content\/uploads\/2025\/11\/Wir-trauern-var02-edited-1024x768.png 1024w, https:\/\/www.feuerwehr-grafenschachen.at\/fw\/wp-content\/uploads\/2025\/11\/Wir-trauern-var02-edited-768x576.png 768w, https:\/\/www.feuerwehr-grafenschachen.at\/fw\/wp-content\/uploads\/2025\/11\/Wir-trauern-var02-edited-1536x1152.png 1536w\" sizes=\"auto, (max-width: 2000px) 100vw, 2000px\" \/><\/figure>\n<\/figure>\n\n\n\n<p>Lieber Martin, wir danken Dir f\u00fcr alles, was Du f\u00fcr unsere Feuerwehr getan hast. Du hinterl\u00e4sst eine L\u00fccke, die niemand schlie\u00dfen kann, aber auch Spuren, die uns f\u00fcr immer begleiten. Du warst ein Kamerad, auf den man sich verlassen konnte \u2013 und das bleibt so, auch wenn Du nicht mehr bei uns bist. Ruhe in Frieden.<\/p>\n\n\n\n<p><strong>In stillem Gedenken und mit gro\u00dfer Wertsch\u00e4tzung<\/strong><br>Die Freiwillige Feuerwehr Grafenschachen<\/p>\n","protected":false},"excerpt":{"rendered":"<p>Fassungslos, best\u00fcrzt und mit tiefster Trauer erf\u00fcllt die Freiwillige Feuerwehr Grafenschachen die Pflicht, vom Ableben ihres Kameraden, Herrn Ehren-Feuerwehrkommandant OBI Martin Hoppel 12.03.1976 \u2013 15.11.2025 Nachricht zu geben.<\/p>\n","protected":false},"author":3,"featured_media":1514,"comment_status":"closed","ping_status":"closed","sticky":false,"template":"","format":"standard","meta":{"_acf_changed":false,"_jetpack_memberships_contains_paid_content":false,"footnotes":"","jetpack_publicize_message":"","jetpack_publicize_feature_enabled":true,"jetpack_social_post_already_shared":true,"jetpack_social_options":{"image_generator_settings":{"template":"highway","default_image_id":0,"font":"","enabled":false},"version":2}},"categories":[10],"tags":[],"class_list":["post-4091","post","type-post","status-publish","format-standard","has-post-thumbnail","hentry","category-allgemein"],"acf":[],"jetpack_publicize_connections":[],"jetpack_featured_media_url":"https:\/\/www.feuerwehr-grafenschachen.at\/fw\/wp-content\/uploads\/2022\/03\/Trauer-Korpsabzeichen-breit.jpg","jetpack_sharing_enabled":true,"_links":{"self":[{"href":"https:\/\/www.feuerwehr-grafenschachen.at\/fw\/wp-json\/wp\/v2\/posts\/4091","targetHints":{"allow":["GET"]}}],"collection":[{"href":"https:\/\/www.feuerwehr-grafenschachen.at\/fw\/wp-json\/wp\/v2\/posts"}],"about":[{"href":"https:\/\/www.feuerwehr-grafenschachen.at\/fw\/wp-json\/wp\/v2\/types\/post"}],"author":[{"embeddable":true,"href":"https:\/\/www.feuerwehr-grafenschachen.at\/fw\/wp-json\/wp\/v2\/users\/3"}],"replies":[{"embeddable":true,"href":"https:\/\/www.feuerwehr-grafenschachen.at\/fw\/wp-json\/wp\/v2\/comments?post=4091"}],"version-history":[{"count":8,"href":"https:\/\/www.feuerwehr-grafenschachen.at\/fw\/wp-json\/wp\/v2\/posts\/4091\/revisions"}],"predecessor-version":[{"id":4102,"href":"https:\/\/www.feuerwehr-grafenschachen.at\/fw\/wp-json\/wp\/v2\/posts\/4091\/revisions\/4102"}],"wp:featuredmedia":[{"embeddable":true,"href":"https:\/\/www.feuerwehr-grafenschachen.at\/fw\/wp-json\/wp\/v2\/media\/1514"}],"wp:attachment":[{"href":"https:\/\/www.feuerwehr-grafenschachen.at\/fw\/wp-json\/wp\/v2\/media?parent=4091"}],"wp:term":[{"taxonomy":"category","embeddable":true,"href":"https:\/\/www.feuerwehr-grafenschachen.at\/fw\/wp-json\/wp\/v2\/categories?post=4091"},{"taxonomy":"post_tag","embeddable":true,"href":"https:\/\/www.feuerwehr-grafenschachen.at\/fw\/wp-json\/wp\/v2\/tags?post=4091"}],"curies":[{"name":"wp","href":"https:\/\/api.w.org\/{rel}","templated":true}]}}