{"id":3734,"date":"2025-03-31T09:33:14","date_gmt":"2025-03-31T07:33:14","guid":{"rendered":"https:\/\/www.feuerwehr-grafenschachen.at\/fw\/?p=3734"},"modified":"2025-03-31T09:51:58","modified_gmt":"2025-03-31T07:51:58","slug":"jahreshauptdienstbesprechung-2025","status":"publish","type":"post","link":"https:\/\/www.feuerwehr-grafenschachen.at\/fw\/allgemein\/jahreshauptdienstbesprechung-2025\/","title":{"rendered":"Jahreshauptdienstbesprechung 2025"},"content":{"rendered":"\n<p>Am Freitag, dem 28.03.2025, fand die verpflichtende Jahreshauptdienstbesprechung der Freiwilligen Feuerwehr Grafenschachen im Gasthaus Krutzler\/NaNu statt. Zahlreiche Ehreng\u00e4ste und Mitglieder folgten der Einladung.<\/p>\n\n\n\n<!--more-->\n\n\n\n<p>W\u00e4hrend der Besprechung wurden die umfangreichen Leistungen und Eins\u00e4tze des Jahres 2024 detailliert pr\u00e4sentiert. Das vergangene Jahr war von zahlreichen Herausforderungen gepr\u00e4gt, insbesondere durch mehrere Unwettereins\u00e4tze, Fahrzeugbergungen und technische Hilfeleistungen. Besonders erw\u00e4hnenswert war der Gro\u00dfeinsatz nach einem schweren Unwetter im Juni, bei dem die Feuerwehr Grafenschachen innerhalb von 24 Stunden 32 Einsatzorte abarbeitete. In Anerkennung dieser herausragenden Leistung wurden alle eingesetzten Mitglieder mit der Hochwasser-Ehrenmedaille 2024 ausgezeichnet \u2013 eine W\u00fcrdigung ihres unerm\u00fcdlichen Einsatzes und ihres Engagements f\u00fcr die Bev\u00f6lkerung in schwierigen Zeiten.<\/p>\n\n\n\n<p>Zudem wurden mehrere Eins\u00e4tze aufgrund umgest\u00fcrzter B\u00e4ume und Verkehrsunf\u00e4lle bew\u00e4ltigt. Neben den Eins\u00e4tzen stand auch die Ausbildung im Fokus: Eine Brandschutz\u00fcbung im Kindergarten und der Volksschule sowie praxisnahe Schulungen zur Fahrzeugbrandbek\u00e4mpfung unterstrichen die stetige Weiterentwicklung der Feuerwehrmitglieder.<\/p>\n\n\n\n<p>Auch im Bereich der Feuerwehrjugend konnte ein gro\u00dfer Erfolg gefeiert werden. Die jungen Mitglieder nahmen am Landesfeuerwehrjugendleistungsbewerb im Juli teil und stellten dabei ihr K\u00f6nnen unter Beweis. Die Ehreng\u00e4ste w\u00fcrdigten die beeindruckenden Leistungen der Feuerwehr und nahmen gemeinsam mit dem Feuerwehrkommandanten die Bef\u00f6rderungen verdienter Mitglieder vor.<\/p>\n\n\n\n<p>Feuerwehrkommandant BM Marco Luif betonte in seiner Rede den beeindruckenden Zusammenhalt und das Engagement der Mitglieder. &#8222;Das vergangene Jahr hat gezeigt, dass wir als Feuerwehr Grafenschachen stets aufeinander bauen k\u00f6nnen. Die zahlreichen Eins\u00e4tze haben uns gefordert, aber auch unsere St\u00e4rke und unseren Zusammenhalt bewiesen. Besonders stolz bin ich auf die Kameradschaft und den unerm\u00fcdlichen Einsatz jedes einzelnen Mitglieds. Die Hochwasser-Ehrenmedaille ist eine verdiente Anerkennung f\u00fcr die geleistete Arbeit. Auch die Erfolge unserer Feuerwehrjugend best\u00e4tigen, dass wir eine starke Zukunft vor uns haben. Ich danke allen f\u00fcr ihr Engagement und freue mich auf die kommenden Herausforderungen, die wir gemeinsam meistern werden. Besonders freut es mich, dass wir in diesem Jahr den Bezirksfeuerwehrleistungsbewerb in Grafenschachen austragen d\u00fcrfen. Eine gro\u00dfe Ehre und Gelegenheit, unsere Feuerwehrfamilie willkommen zu hei\u00dfen!\u201c<\/p>\n\n\n\n<p>Ein besonderer Moment war die offizielle Verabschiedung von OBI Martin Hoppel, der nach \u00fcber zwei Jahrzehnten engagierter Vorstandst\u00e4tigkeit seine Funktion als Feuerwehrkommandant niederlegte.<\/p>\n\n\n\n<p>Nach rund einer Stunde konnte die Jahreshauptdienstbesprechung geschlossen werden. Die Veranstaltung war gepr\u00e4gt von einem R\u00fcckblick auf ein ereignisreiches Jahr, Anerkennung f\u00fcr herausragende Leistungen und einem optimistischen Blick in die Zukunft der Feuerwehr Grafenschachen.<\/p>\n\n\n\n<div class=\"wp-block-jetpack-tiled-gallery aligncenter is-style-rectangular\"><div class=\"\"><div class=\"tiled-gallery__gallery\"><div class=\"tiled-gallery__row\"><div class=\"tiled-gallery__col\" style=\"flex-basis:55.46577%\"><figure class=\"tiled-gallery__item\"><a href=\"https:\/\/www.feuerwehr-grafenschachen.at\/fw\/wp-content\/uploads\/2025\/03\/IMG_0015-1024x576.jpeg\"><img decoding=\"async\" srcset=\"https:\/\/i0.wp.com\/www.feuerwehr-grafenschachen.at\/fw\/wp-content\/uploads\/2025\/03\/IMG_0015-1024x576.jpeg?strip=info&#038;w=600&#038;ssl=1 600w,https:\/\/i0.wp.com\/www.feuerwehr-grafenschachen.at\/fw\/wp-content\/uploads\/2025\/03\/IMG_0015-1024x576.jpeg?strip=info&#038;w=900&#038;ssl=1 900w,https:\/\/i0.wp.com\/www.feuerwehr-grafenschachen.at\/fw\/wp-content\/uploads\/2025\/03\/IMG_0015-1024x576.jpeg?strip=info&#038;w=1200&#038;ssl=1 1200w,https:\/\/i0.wp.com\/www.feuerwehr-grafenschachen.at\/fw\/wp-content\/uploads\/2025\/03\/IMG_0015-1024x576.jpeg?strip=info&#038;w=1500&#038;ssl=1 1500w,https:\/\/i0.wp.com\/www.feuerwehr-grafenschachen.at\/fw\/wp-content\/uploads\/2025\/03\/IMG_0015-1024x576.jpeg?strip=info&#038;w=1800&#038;ssl=1 1800w,https:\/\/i0.wp.com\/www.feuerwehr-grafenschachen.at\/fw\/wp-content\/uploads\/2025\/03\/IMG_0015-1024x576.jpeg?strip=info&#038;w=2000&#038;ssl=1 2000w\" alt=\"\" data-height=\"1152\" data-id=\"3740\" data-link=\"https:\/\/www.feuerwehr-grafenschachen.at\/fw\/?attachment_id=3740\" data-url=\"https:\/\/www.feuerwehr-grafenschachen.at\/fw\/wp-content\/uploads\/2025\/03\/IMG_0015-1024x576.jpeg\" data-width=\"2048\" src=\"https:\/\/i0.wp.com\/www.feuerwehr-grafenschachen.at\/fw\/wp-content\/uploads\/2025\/03\/IMG_0015-1024x576.jpeg?ssl=1\" data-amp-layout=\"responsive\" tabindex=\"0\" role=\"button\" aria-label=\"Bild\u00a01 von 9 im Vollbildmodus \u00f6ffnen\"\/><\/a><\/figure><figure class=\"tiled-gallery__item\"><a href=\"https:\/\/www.feuerwehr-grafenschachen.at\/fw\/wp-content\/uploads\/2025\/03\/IMG_0358-1024x576.jpg\"><img decoding=\"async\" srcset=\"https:\/\/i0.wp.com\/www.feuerwehr-grafenschachen.at\/fw\/wp-content\/uploads\/2025\/03\/IMG_0358-1024x576.jpg?strip=info&#038;w=600&#038;ssl=1 600w,https:\/\/i0.wp.com\/www.feuerwehr-grafenschachen.at\/fw\/wp-content\/uploads\/2025\/03\/IMG_0358-1024x576.jpg?strip=info&#038;w=900&#038;ssl=1 900w,https:\/\/i0.wp.com\/www.feuerwehr-grafenschachen.at\/fw\/wp-content\/uploads\/2025\/03\/IMG_0358-1024x576.jpg?strip=info&#038;w=1200&#038;ssl=1 1200w\" alt=\"\" data-height=\"675\" data-id=\"3744\" data-link=\"https:\/\/www.feuerwehr-grafenschachen.at\/fw\/?attachment_id=3744\" data-url=\"https:\/\/www.feuerwehr-grafenschachen.at\/fw\/wp-content\/uploads\/2025\/03\/IMG_0358-1024x576.jpg\" data-width=\"1200\" src=\"https:\/\/i0.wp.com\/www.feuerwehr-grafenschachen.at\/fw\/wp-content\/uploads\/2025\/03\/IMG_0358-1024x576.jpg?ssl=1\" data-amp-layout=\"responsive\" tabindex=\"0\" role=\"button\" aria-label=\"Bild\u00a02 von 9 im Vollbildmodus \u00f6ffnen\"\/><\/a><\/figure><\/div><div class=\"tiled-gallery__col\" style=\"flex-basis:44.53423%\"><figure class=\"tiled-gallery__item\"><a href=\"https:\/\/www.feuerwehr-grafenschachen.at\/fw\/wp-content\/uploads\/2025\/02\/WhatsApp-Bild-2025-02-13-um-14.45.40_736d9598-724x1024.jpg\"><img decoding=\"async\" srcset=\"https:\/\/i0.wp.com\/www.feuerwehr-grafenschachen.at\/fw\/wp-content\/uploads\/2025\/02\/WhatsApp-Bild-2025-02-13-um-14.45.40_736d9598-724x1024.jpg?strip=info&#038;w=600&#038;ssl=1 600w,https:\/\/i0.wp.com\/www.feuerwehr-grafenschachen.at\/fw\/wp-content\/uploads\/2025\/02\/WhatsApp-Bild-2025-02-13-um-14.45.40_736d9598-724x1024.jpg?strip=info&#038;w=900&#038;ssl=1 900w,https:\/\/i0.wp.com\/www.feuerwehr-grafenschachen.at\/fw\/wp-content\/uploads\/2025\/02\/WhatsApp-Bild-2025-02-13-um-14.45.40_736d9598-724x1024.jpg?strip=info&#038;w=905&#038;ssl=1 905w\" alt=\"\" data-height=\"1280\" data-id=\"3705\" data-link=\"https:\/\/www.feuerwehr-grafenschachen.at\/fw\/termin\/68-bezirksfeuerwehr-leistungsbewerb\/attachment\/whatsapp-bild-2025-02-13-um-14-45-40_736d9598\/\" data-url=\"https:\/\/www.feuerwehr-grafenschachen.at\/fw\/wp-content\/uploads\/2025\/02\/WhatsApp-Bild-2025-02-13-um-14.45.40_736d9598-724x1024.jpg\" data-width=\"905\" src=\"https:\/\/i0.wp.com\/www.feuerwehr-grafenschachen.at\/fw\/wp-content\/uploads\/2025\/02\/WhatsApp-Bild-2025-02-13-um-14.45.40_736d9598-724x1024.jpg?ssl=1\" data-amp-layout=\"responsive\" tabindex=\"0\" role=\"button\" aria-label=\"Bild\u00a03 von 9 im Vollbildmodus \u00f6ffnen\"\/><\/a><\/figure><\/div><\/div><div class=\"tiled-gallery__row\"><div class=\"tiled-gallery__col\" style=\"flex-basis:50.00000%\"><figure class=\"tiled-gallery__item\"><a href=\"https:\/\/www.feuerwehr-grafenschachen.at\/fw\/wp-content\/uploads\/2025\/03\/IMG_0067-1024x576.jpeg\"><img decoding=\"async\" srcset=\"https:\/\/i0.wp.com\/www.feuerwehr-grafenschachen.at\/fw\/wp-content\/uploads\/2025\/03\/IMG_0067-1024x576.jpeg?strip=info&#038;w=600&#038;ssl=1 600w,https:\/\/i0.wp.com\/www.feuerwehr-grafenschachen.at\/fw\/wp-content\/uploads\/2025\/03\/IMG_0067-1024x576.jpeg?strip=info&#038;w=900&#038;ssl=1 900w,https:\/\/i0.wp.com\/www.feuerwehr-grafenschachen.at\/fw\/wp-content\/uploads\/2025\/03\/IMG_0067-1024x576.jpeg?strip=info&#038;w=1200&#038;ssl=1 1200w,https:\/\/i0.wp.com\/www.feuerwehr-grafenschachen.at\/fw\/wp-content\/uploads\/2025\/03\/IMG_0067-1024x576.jpeg?strip=info&#038;w=1500&#038;ssl=1 1500w,https:\/\/i0.wp.com\/www.feuerwehr-grafenschachen.at\/fw\/wp-content\/uploads\/2025\/03\/IMG_0067-1024x576.jpeg?strip=info&#038;w=1800&#038;ssl=1 1800w,https:\/\/i0.wp.com\/www.feuerwehr-grafenschachen.at\/fw\/wp-content\/uploads\/2025\/03\/IMG_0067-1024x576.jpeg?strip=info&#038;w=2000&#038;ssl=1 2000w\" alt=\"\" data-height=\"1152\" data-id=\"3750\" data-link=\"https:\/\/www.feuerwehr-grafenschachen.at\/fw\/allgemein\/jahreshauptdienstbesprechung-2025\/attachment\/img_0067\/\" data-url=\"https:\/\/www.feuerwehr-grafenschachen.at\/fw\/wp-content\/uploads\/2025\/03\/IMG_0067-1024x576.jpeg\" data-width=\"2048\" src=\"https:\/\/i0.wp.com\/www.feuerwehr-grafenschachen.at\/fw\/wp-content\/uploads\/2025\/03\/IMG_0067-1024x576.jpeg?ssl=1\" data-amp-layout=\"responsive\" tabindex=\"0\" role=\"button\" aria-label=\"Bild\u00a04 von 9 im Vollbildmodus \u00f6ffnen\"\/><\/a><\/figure><\/div><div class=\"tiled-gallery__col\" style=\"flex-basis:50.00000%\"><figure class=\"tiled-gallery__item\"><a href=\"https:\/\/www.feuerwehr-grafenschachen.at\/fw\/wp-content\/uploads\/2025\/03\/IMG_0034-1024x576.jpeg\"><img decoding=\"async\" srcset=\"https:\/\/i0.wp.com\/www.feuerwehr-grafenschachen.at\/fw\/wp-content\/uploads\/2025\/03\/IMG_0034-1024x576.jpeg?strip=info&#038;w=600&#038;ssl=1 600w,https:\/\/i0.wp.com\/www.feuerwehr-grafenschachen.at\/fw\/wp-content\/uploads\/2025\/03\/IMG_0034-1024x576.jpeg?strip=info&#038;w=900&#038;ssl=1 900w,https:\/\/i0.wp.com\/www.feuerwehr-grafenschachen.at\/fw\/wp-content\/uploads\/2025\/03\/IMG_0034-1024x576.jpeg?strip=info&#038;w=1200&#038;ssl=1 1200w,https:\/\/i0.wp.com\/www.feuerwehr-grafenschachen.at\/fw\/wp-content\/uploads\/2025\/03\/IMG_0034-1024x576.jpeg?strip=info&#038;w=1500&#038;ssl=1 1500w,https:\/\/i0.wp.com\/www.feuerwehr-grafenschachen.at\/fw\/wp-content\/uploads\/2025\/03\/IMG_0034-1024x576.jpeg?strip=info&#038;w=1800&#038;ssl=1 1800w,https:\/\/i0.wp.com\/www.feuerwehr-grafenschachen.at\/fw\/wp-content\/uploads\/2025\/03\/IMG_0034-1024x576.jpeg?strip=info&#038;w=2000&#038;ssl=1 2000w\" alt=\"\" data-height=\"1152\" data-id=\"3741\" data-link=\"https:\/\/www.feuerwehr-grafenschachen.at\/fw\/?attachment_id=3741\" data-url=\"https:\/\/www.feuerwehr-grafenschachen.at\/fw\/wp-content\/uploads\/2025\/03\/IMG_0034-1024x576.jpeg\" data-width=\"2048\" src=\"https:\/\/i0.wp.com\/www.feuerwehr-grafenschachen.at\/fw\/wp-content\/uploads\/2025\/03\/IMG_0034-1024x576.jpeg?ssl=1\" data-amp-layout=\"responsive\" tabindex=\"0\" role=\"button\" aria-label=\"Bild\u00a05 von 9 im Vollbildmodus \u00f6ffnen\"\/><\/a><\/figure><\/div><\/div><div class=\"tiled-gallery__row\"><div class=\"tiled-gallery__col\" style=\"flex-basis:50.00000%\"><figure class=\"tiled-gallery__item\"><a href=\"https:\/\/www.feuerwehr-grafenschachen.at\/fw\/wp-content\/uploads\/2025\/03\/IMG_0071-1024x576.jpeg\"><img decoding=\"async\" srcset=\"https:\/\/i0.wp.com\/www.feuerwehr-grafenschachen.at\/fw\/wp-content\/uploads\/2025\/03\/IMG_0071-1024x576.jpeg?strip=info&#038;w=600&#038;ssl=1 600w,https:\/\/i0.wp.com\/www.feuerwehr-grafenschachen.at\/fw\/wp-content\/uploads\/2025\/03\/IMG_0071-1024x576.jpeg?strip=info&#038;w=900&#038;ssl=1 900w,https:\/\/i0.wp.com\/www.feuerwehr-grafenschachen.at\/fw\/wp-content\/uploads\/2025\/03\/IMG_0071-1024x576.jpeg?strip=info&#038;w=1200&#038;ssl=1 1200w,https:\/\/i0.wp.com\/www.feuerwehr-grafenschachen.at\/fw\/wp-content\/uploads\/2025\/03\/IMG_0071-1024x576.jpeg?strip=info&#038;w=1500&#038;ssl=1 1500w,https:\/\/i0.wp.com\/www.feuerwehr-grafenschachen.at\/fw\/wp-content\/uploads\/2025\/03\/IMG_0071-1024x576.jpeg?strip=info&#038;w=1800&#038;ssl=1 1800w,https:\/\/i0.wp.com\/www.feuerwehr-grafenschachen.at\/fw\/wp-content\/uploads\/2025\/03\/IMG_0071-1024x576.jpeg?strip=info&#038;w=2000&#038;ssl=1 2000w\" alt=\"\" data-height=\"1152\" data-id=\"3742\" data-link=\"https:\/\/www.feuerwehr-grafenschachen.at\/fw\/?attachment_id=3742\" data-url=\"https:\/\/www.feuerwehr-grafenschachen.at\/fw\/wp-content\/uploads\/2025\/03\/IMG_0071-1024x576.jpeg\" data-width=\"2048\" src=\"https:\/\/i0.wp.com\/www.feuerwehr-grafenschachen.at\/fw\/wp-content\/uploads\/2025\/03\/IMG_0071-1024x576.jpeg?ssl=1\" data-amp-layout=\"responsive\" tabindex=\"0\" role=\"button\" aria-label=\"Bild\u00a06 von 9 im Vollbildmodus \u00f6ffnen\"\/><\/a><\/figure><\/div><div class=\"tiled-gallery__col\" style=\"flex-basis:50.00000%\"><figure class=\"tiled-gallery__item\"><a href=\"https:\/\/www.feuerwehr-grafenschachen.at\/fw\/wp-content\/uploads\/2025\/03\/IMG_0090-1024x576.jpeg\"><img decoding=\"async\" srcset=\"https:\/\/i0.wp.com\/www.feuerwehr-grafenschachen.at\/fw\/wp-content\/uploads\/2025\/03\/IMG_0090-1024x576.jpeg?strip=info&#038;w=600&#038;ssl=1 600w,https:\/\/i0.wp.com\/www.feuerwehr-grafenschachen.at\/fw\/wp-content\/uploads\/2025\/03\/IMG_0090-1024x576.jpeg?strip=info&#038;w=900&#038;ssl=1 900w,https:\/\/i0.wp.com\/www.feuerwehr-grafenschachen.at\/fw\/wp-content\/uploads\/2025\/03\/IMG_0090-1024x576.jpeg?strip=info&#038;w=1200&#038;ssl=1 1200w,https:\/\/i0.wp.com\/www.feuerwehr-grafenschachen.at\/fw\/wp-content\/uploads\/2025\/03\/IMG_0090-1024x576.jpeg?strip=info&#038;w=1500&#038;ssl=1 1500w,https:\/\/i0.wp.com\/www.feuerwehr-grafenschachen.at\/fw\/wp-content\/uploads\/2025\/03\/IMG_0090-1024x576.jpeg?strip=info&#038;w=1800&#038;ssl=1 1800w,https:\/\/i0.wp.com\/www.feuerwehr-grafenschachen.at\/fw\/wp-content\/uploads\/2025\/03\/IMG_0090-1024x576.jpeg?strip=info&#038;w=2000&#038;ssl=1 2000w\" alt=\"\" data-height=\"1152\" data-id=\"3743\" data-link=\"https:\/\/www.feuerwehr-grafenschachen.at\/fw\/?attachment_id=3743\" data-url=\"https:\/\/www.feuerwehr-grafenschachen.at\/fw\/wp-content\/uploads\/2025\/03\/IMG_0090-1024x576.jpeg\" data-width=\"2048\" src=\"https:\/\/i0.wp.com\/www.feuerwehr-grafenschachen.at\/fw\/wp-content\/uploads\/2025\/03\/IMG_0090-1024x576.jpeg?ssl=1\" data-amp-layout=\"responsive\" tabindex=\"0\" role=\"button\" aria-label=\"Bild\u00a07 von 9 im Vollbildmodus \u00f6ffnen\"\/><\/a><\/figure><\/div><\/div><div class=\"tiled-gallery__row\"><div class=\"tiled-gallery__col\" style=\"flex-basis:50.00000%\"><figure class=\"tiled-gallery__item\"><a href=\"https:\/\/www.feuerwehr-grafenschachen.at\/fw\/wp-content\/uploads\/2025\/03\/IMG_0364-1024x576.jpg\"><img decoding=\"async\" srcset=\"https:\/\/i0.wp.com\/www.feuerwehr-grafenschachen.at\/fw\/wp-content\/uploads\/2025\/03\/IMG_0364-1024x576.jpg?strip=info&#038;w=600&#038;ssl=1 600w,https:\/\/i0.wp.com\/www.feuerwehr-grafenschachen.at\/fw\/wp-content\/uploads\/2025\/03\/IMG_0364-1024x576.jpg?strip=info&#038;w=900&#038;ssl=1 900w,https:\/\/i0.wp.com\/www.feuerwehr-grafenschachen.at\/fw\/wp-content\/uploads\/2025\/03\/IMG_0364-1024x576.jpg?strip=info&#038;w=1200&#038;ssl=1 1200w\" alt=\"\" data-height=\"675\" data-id=\"3745\" data-link=\"https:\/\/www.feuerwehr-grafenschachen.at\/fw\/?attachment_id=3745\" data-url=\"https:\/\/www.feuerwehr-grafenschachen.at\/fw\/wp-content\/uploads\/2025\/03\/IMG_0364-1024x576.jpg\" data-width=\"1200\" src=\"https:\/\/i0.wp.com\/www.feuerwehr-grafenschachen.at\/fw\/wp-content\/uploads\/2025\/03\/IMG_0364-1024x576.jpg?ssl=1\" data-amp-layout=\"responsive\" tabindex=\"0\" role=\"button\" aria-label=\"Bild\u00a08 von 9 im Vollbildmodus \u00f6ffnen\"\/><\/a><\/figure><\/div><div class=\"tiled-gallery__col\" style=\"flex-basis:50.00000%\"><figure class=\"tiled-gallery__item\"><a href=\"https:\/\/www.feuerwehr-grafenschachen.at\/fw\/wp-content\/uploads\/2025\/03\/IMG_0003-1024x576.jpeg\"><img decoding=\"async\" srcset=\"https:\/\/i0.wp.com\/www.feuerwehr-grafenschachen.at\/fw\/wp-content\/uploads\/2025\/03\/IMG_0003-1024x576.jpeg?strip=info&#038;w=600&#038;ssl=1 600w,https:\/\/i0.wp.com\/www.feuerwehr-grafenschachen.at\/fw\/wp-content\/uploads\/2025\/03\/IMG_0003-1024x576.jpeg?strip=info&#038;w=900&#038;ssl=1 900w,https:\/\/i0.wp.com\/www.feuerwehr-grafenschachen.at\/fw\/wp-content\/uploads\/2025\/03\/IMG_0003-1024x576.jpeg?strip=info&#038;w=1200&#038;ssl=1 1200w,https:\/\/i0.wp.com\/www.feuerwehr-grafenschachen.at\/fw\/wp-content\/uploads\/2025\/03\/IMG_0003-1024x576.jpeg?strip=info&#038;w=1500&#038;ssl=1 1500w,https:\/\/i0.wp.com\/www.feuerwehr-grafenschachen.at\/fw\/wp-content\/uploads\/2025\/03\/IMG_0003-1024x576.jpeg?strip=info&#038;w=1800&#038;ssl=1 1800w,https:\/\/i0.wp.com\/www.feuerwehr-grafenschachen.at\/fw\/wp-content\/uploads\/2025\/03\/IMG_0003-1024x576.jpeg?strip=info&#038;w=2000&#038;ssl=1 2000w\" alt=\"\" data-height=\"1152\" data-id=\"3746\" data-link=\"https:\/\/www.feuerwehr-grafenschachen.at\/fw\/?attachment_id=3746\" data-url=\"https:\/\/www.feuerwehr-grafenschachen.at\/fw\/wp-content\/uploads\/2025\/03\/IMG_0003-1024x576.jpeg\" data-width=\"2048\" src=\"https:\/\/i0.wp.com\/www.feuerwehr-grafenschachen.at\/fw\/wp-content\/uploads\/2025\/03\/IMG_0003-1024x576.jpeg?ssl=1\" data-amp-layout=\"responsive\" tabindex=\"0\" role=\"button\" aria-label=\"Bild\u00a09 von 9 im Vollbildmodus \u00f6ffnen\"\/><\/a><\/figure><\/div><\/div><\/div><\/div><\/div>\n","protected":false},"excerpt":{"rendered":"<p>Am Freitag, dem 28.03.2025, fand die verpflichtende Jahreshauptdienstbesprechung der Freiwilligen Feuerwehr Grafenschachen im Gasthaus Krutzler\/NaNu statt. Zahlreiche Ehreng\u00e4ste und Mitglieder folgten der Einladung.<\/p>\n","protected":false},"author":3,"featured_media":3743,"comment_status":"closed","ping_status":"closed","sticky":false,"template":"","format":"standard","meta":{"_acf_changed":false,"_jetpack_memberships_contains_paid_content":false,"footnotes":"","jetpack_publicize_message":"","jetpack_publicize_feature_enabled":false,"jetpack_social_post_already_shared":false,"jetpack_social_options":{"image_generator_settings":{"template":"highway","enabled":false},"version":2}},"categories":[10],"tags":[],"class_list":["post-3734","post","type-post","status-publish","format-standard","has-post-thumbnail","hentry","category-allgemein"],"acf":[],"jetpack_publicize_connections":[],"jetpack_featured_media_url":"https:\/\/www.feuerwehr-grafenschachen.at\/fw\/wp-content\/uploads\/2025\/03\/IMG_0090.jpeg","jetpack_sharing_enabled":true,"_links":{"self":[{"href":"https:\/\/www.feuerwehr-grafenschachen.at\/fw\/wp-json\/wp\/v2\/posts\/3734","targetHints":{"allow":["GET"]}}],"collection":[{"href":"https:\/\/www.feuerwehr-grafenschachen.at\/fw\/wp-json\/wp\/v2\/posts"}],"about":[{"href":"https:\/\/www.feuerwehr-grafenschachen.at\/fw\/wp-json\/wp\/v2\/types\/post"}],"author":[{"embeddable":true,"href":"https:\/\/www.feuerwehr-grafenschachen.at\/fw\/wp-json\/wp\/v2\/users\/3"}],"replies":[{"embeddable":true,"href":"https:\/\/www.feuerwehr-grafenschachen.at\/fw\/wp-json\/wp\/v2\/comments?post=3734"}],"version-history":[{"count":8,"href":"https:\/\/www.feuerwehr-grafenschachen.at\/fw\/wp-json\/wp\/v2\/posts\/3734\/revisions"}],"predecessor-version":[{"id":3751,"href":"https:\/\/www.feuerwehr-grafenschachen.at\/fw\/wp-json\/wp\/v2\/posts\/3734\/revisions\/3751"}],"wp:featuredmedia":[{"embeddable":true,"href":"https:\/\/www.feuerwehr-grafenschachen.at\/fw\/wp-json\/wp\/v2\/media\/3743"}],"wp:attachment":[{"href":"https:\/\/www.feuerwehr-grafenschachen.at\/fw\/wp-json\/wp\/v2\/media?parent=3734"}],"wp:term":[{"taxonomy":"category","embeddable":true,"href":"https:\/\/www.feuerwehr-grafenschachen.at\/fw\/wp-json\/wp\/v2\/categories?post=3734"},{"taxonomy":"post_tag","embeddable":true,"href":"https:\/\/www.feuerwehr-grafenschachen.at\/fw\/wp-json\/wp\/v2\/tags?post=3734"}],"curies":[{"name":"wp","href":"https:\/\/api.w.org\/{rel}","templated":true}]}}