{"id":3692,"date":"2025-01-20T08:48:04","date_gmt":"2025-01-20T07:48:04","guid":{"rendered":"https:\/\/www.feuerwehr-grafenschachen.at\/fw\/?p=3692"},"modified":"2025-01-20T08:48:07","modified_gmt":"2025-01-20T07:48:07","slug":"herzlichen-glueckwunsch-zum-70-geburtstag","status":"publish","type":"post","link":"https:\/\/www.feuerwehr-grafenschachen.at\/fw\/feieren\/herzlichen-glueckwunsch-zum-70-geburtstag\/","title":{"rendered":"Herzlichen Gl\u00fcckwunsch zum 70. Geburtstag!"},"content":{"rendered":"\n<p>Am 16.01.2025 besuchte eine Delegation der Feuerwehr unseren gesch\u00e4tzten Kameraden Hermann Toth, um ihm zu seinem 70. Geburtstag zu gratulieren. Mit einem kleinen Geschenk und herzlichen Worten w\u00fcrdigten die Kameraden seinen jahrzehntelangen Einsatz und seine herausragende Kameradschaft.<\/p>\n\n\n\n<!--more-->\n\n\n\n<p>Hermann blickt auf \u00fcber 50 Jahre im aktiven Dienst zur\u00fcck. Gemeinsam wurden sch\u00f6ne Erinnerungen geteilt und auf sein Wohl angesto\u00dfen. Wir w\u00fcnschen ihm weiterhin alles Gute, viel Gesundheit und noch viele erf\u00fcllte Jahre!<\/p>\n\n\n\n<div class=\"wp-block-jetpack-tiled-gallery aligncenter is-style-rectangular\"><div class=\"\"><div class=\"tiled-gallery__gallery\"><div class=\"tiled-gallery__row\"><div class=\"tiled-gallery__col\" style=\"flex-basis:63.96477%\"><figure class=\"tiled-gallery__item\"><a href=\"https:\/\/www.feuerwehr-grafenschachen.at\/fw\/wp-content\/uploads\/2025\/01\/PHOTO-2025-01-16-18-42-00-3-1024x768.jpg\"><img decoding=\"async\" srcset=\"https:\/\/i0.wp.com\/www.feuerwehr-grafenschachen.at\/fw\/wp-content\/uploads\/2025\/01\/PHOTO-2025-01-16-18-42-00-3-1024x768.jpg?strip=info&#038;w=600&#038;ssl=1 600w,https:\/\/i0.wp.com\/www.feuerwehr-grafenschachen.at\/fw\/wp-content\/uploads\/2025\/01\/PHOTO-2025-01-16-18-42-00-3-1024x768.jpg?strip=info&#038;w=900&#038;ssl=1 900w,https:\/\/i0.wp.com\/www.feuerwehr-grafenschachen.at\/fw\/wp-content\/uploads\/2025\/01\/PHOTO-2025-01-16-18-42-00-3-1024x768.jpg?strip=info&#038;w=1200&#038;ssl=1 1200w,https:\/\/i0.wp.com\/www.feuerwehr-grafenschachen.at\/fw\/wp-content\/uploads\/2025\/01\/PHOTO-2025-01-16-18-42-00-3-1024x768.jpg?strip=info&#038;w=1500&#038;ssl=1 1500w,https:\/\/i0.wp.com\/www.feuerwehr-grafenschachen.at\/fw\/wp-content\/uploads\/2025\/01\/PHOTO-2025-01-16-18-42-00-3-1024x768.jpg?strip=info&#038;w=1800&#038;ssl=1 1800w,https:\/\/i0.wp.com\/www.feuerwehr-grafenschachen.at\/fw\/wp-content\/uploads\/2025\/01\/PHOTO-2025-01-16-18-42-00-3-1024x768.jpg?strip=info&#038;w=2000&#038;ssl=1 2000w\" alt=\"\" data-height=\"1500\" data-id=\"3693\" data-link=\"https:\/\/www.feuerwehr-grafenschachen.at\/fw\/?attachment_id=3693\" data-url=\"https:\/\/www.feuerwehr-grafenschachen.at\/fw\/wp-content\/uploads\/2025\/01\/PHOTO-2025-01-16-18-42-00-3-1024x768.jpg\" data-width=\"2000\" src=\"https:\/\/i0.wp.com\/www.feuerwehr-grafenschachen.at\/fw\/wp-content\/uploads\/2025\/01\/PHOTO-2025-01-16-18-42-00-3-1024x768.jpg?ssl=1\" data-amp-layout=\"responsive\" tabindex=\"0\" role=\"button\" aria-label=\"Bild\u00a01 von 2 im Vollbildmodus \u00f6ffnen\"\/><\/a><\/figure><\/div><div class=\"tiled-gallery__col\" style=\"flex-basis:36.03523%\"><figure class=\"tiled-gallery__item\"><a href=\"https:\/\/www.feuerwehr-grafenschachen.at\/fw\/wp-content\/uploads\/2025\/01\/PHOTO-2025-01-16-18-42-00-4-768x1024.jpg\"><img decoding=\"async\" srcset=\"https:\/\/i0.wp.com\/www.feuerwehr-grafenschachen.at\/fw\/wp-content\/uploads\/2025\/01\/PHOTO-2025-01-16-18-42-00-4-768x1024.jpg?strip=info&#038;w=600&#038;ssl=1 600w,https:\/\/i0.wp.com\/www.feuerwehr-grafenschachen.at\/fw\/wp-content\/uploads\/2025\/01\/PHOTO-2025-01-16-18-42-00-4-768x1024.jpg?strip=info&#038;w=900&#038;ssl=1 900w,https:\/\/i0.wp.com\/www.feuerwehr-grafenschachen.at\/fw\/wp-content\/uploads\/2025\/01\/PHOTO-2025-01-16-18-42-00-4-768x1024.jpg?strip=info&#038;w=1200&#038;ssl=1 1200w,https:\/\/i0.wp.com\/www.feuerwehr-grafenschachen.at\/fw\/wp-content\/uploads\/2025\/01\/PHOTO-2025-01-16-18-42-00-4-768x1024.jpg?strip=info&#038;w=1500&#038;ssl=1 1500w\" alt=\"\" data-height=\"2000\" data-id=\"3694\" data-link=\"https:\/\/www.feuerwehr-grafenschachen.at\/fw\/?attachment_id=3694\" data-url=\"https:\/\/www.feuerwehr-grafenschachen.at\/fw\/wp-content\/uploads\/2025\/01\/PHOTO-2025-01-16-18-42-00-4-768x1024.jpg\" data-width=\"1500\" src=\"https:\/\/i0.wp.com\/www.feuerwehr-grafenschachen.at\/fw\/wp-content\/uploads\/2025\/01\/PHOTO-2025-01-16-18-42-00-4-768x1024.jpg?ssl=1\" data-amp-layout=\"responsive\" tabindex=\"0\" role=\"button\" aria-label=\"Bild\u00a02 von 2 im Vollbildmodus \u00f6ffnen\"\/><\/a><\/figure><\/div><\/div><\/div><\/div><\/div>\n","protected":false},"excerpt":{"rendered":"<p>Am 16.01.2025 besuchte eine Delegation der Feuerwehr unseren gesch\u00e4tzten Kameraden Hermann Toth, um ihm zu seinem 70. Geburtstag zu gratulieren. Mit einem kleinen Geschenk und herzlichen Worten w\u00fcrdigten die Kameraden [&hellip;]<\/p>\n","protected":false},"author":3,"featured_media":3693,"comment_status":"closed","ping_status":"closed","sticky":false,"template":"","format":"standard","meta":{"_acf_changed":false,"_jetpack_memberships_contains_paid_content":false,"footnotes":"","jetpack_publicize_message":"","jetpack_publicize_feature_enabled":false,"jetpack_social_post_already_shared":false,"jetpack_social_options":{"image_generator_settings":{"template":"highway","enabled":false},"version":2}},"categories":[31],"tags":[],"class_list":["post-3692","post","type-post","status-publish","format-standard","has-post-thumbnail","hentry","category-feieren"],"acf":[],"jetpack_publicize_connections":[],"jetpack_featured_media_url":"https:\/\/www.feuerwehr-grafenschachen.at\/fw\/wp-content\/uploads\/2025\/01\/PHOTO-2025-01-16-18-42-00-3.jpg","jetpack_sharing_enabled":true,"_links":{"self":[{"href":"https:\/\/www.feuerwehr-grafenschachen.at\/fw\/wp-json\/wp\/v2\/posts\/3692","targetHints":{"allow":["GET"]}}],"collection":[{"href":"https:\/\/www.feuerwehr-grafenschachen.at\/fw\/wp-json\/wp\/v2\/posts"}],"about":[{"href":"https:\/\/www.feuerwehr-grafenschachen.at\/fw\/wp-json\/wp\/v2\/types\/post"}],"author":[{"embeddable":true,"href":"https:\/\/www.feuerwehr-grafenschachen.at\/fw\/wp-json\/wp\/v2\/users\/3"}],"replies":[{"embeddable":true,"href":"https:\/\/www.feuerwehr-grafenschachen.at\/fw\/wp-json\/wp\/v2\/comments?post=3692"}],"version-history":[{"count":1,"href":"https:\/\/www.feuerwehr-grafenschachen.at\/fw\/wp-json\/wp\/v2\/posts\/3692\/revisions"}],"predecessor-version":[{"id":3695,"href":"https:\/\/www.feuerwehr-grafenschachen.at\/fw\/wp-json\/wp\/v2\/posts\/3692\/revisions\/3695"}],"wp:featuredmedia":[{"embeddable":true,"href":"https:\/\/www.feuerwehr-grafenschachen.at\/fw\/wp-json\/wp\/v2\/media\/3693"}],"wp:attachment":[{"href":"https:\/\/www.feuerwehr-grafenschachen.at\/fw\/wp-json\/wp\/v2\/media?parent=3692"}],"wp:term":[{"taxonomy":"category","embeddable":true,"href":"https:\/\/www.feuerwehr-grafenschachen.at\/fw\/wp-json\/wp\/v2\/categories?post=3692"},{"taxonomy":"post_tag","embeddable":true,"href":"https:\/\/www.feuerwehr-grafenschachen.at\/fw\/wp-json\/wp\/v2\/tags?post=3692"}],"curies":[{"name":"wp","href":"https:\/\/api.w.org\/{rel}","templated":true}]}}