{"id":2904,"date":"2024-01-01T00:01:00","date_gmt":"2023-12-31T23:01:00","guid":{"rendered":"https:\/\/www.feuerwehr-grafenschachen.at\/fw\/?p=2904"},"modified":"2024-02-03T19:16:02","modified_gmt":"2024-02-03T18:16:02","slug":"20-jahre-oeffentlichkeitsarbeit","status":"publish","type":"post","link":"https:\/\/www.feuerwehr-grafenschachen.at\/fw\/allgemein\/20-jahre-oeffentlichkeitsarbeit\/","title":{"rendered":"20 Jahre \u00d6ffentlichkeitsarbeit!"},"content":{"rendered":"\n<p>Liebe Leserinnen und Leser!<\/p>\n\n\n\n<p>Werte Feuerwehrkameradinnen und -kameraden,<\/p>\n\n\n\n<p class=\"has-text-align-justify\">mit einem wehm\u00fctigen Gef\u00fchl, aber auch voller Stolz und Dankbarkeit, verabschiede ich mich nach zwanzig Jahren als Zust\u00e4ndiger f\u00fcr die \u00d6ffentlichkeitsarbeit der Freiwilligen Feuerwehr Grafenschachen von euch. In diesen zwei Jahrzehnten durfte ich Zeuge zahlreicher Ver\u00e4nderungen und Entwicklungen werden, die unser Feuerwehrleben ma\u00dfgeblich beeinflusst haben.<\/p>\n\n\n\n<p class=\"has-text-align-justify\">Als ich im Jahr 2003 die Verantwortung f\u00fcr die \u00d6ffentlichkeitsarbeit \u00fcbernahm, war die digitale Welt noch in den Kinderschuhen. Unsere erste Homepage im Jahr 2004 war ein kleiner Schritt in die Zukunft, ein Sprung ins Ungewisse. Doch wir wagten es, und haben die digitale Pr\u00e4senz der Freiwilligen Feuerwehr Grafenschachen auf- und ausgebaut.<\/p>\n\n\n\n<!--more-->\n\n\n\n<p class=\"has-text-align-justify\">Vier verschiedene Homepages sp\u00e4ter k\u00f6nnen wir auf eine beeindruckende Online-Pr\u00e4senz zur\u00fcckblicken. Von einfachen HTML-Seiten bis hin zu interaktiven Plattformen \u2013 wir haben stets versucht, mit der Zeit zu gehen und die Bed\u00fcrfnisse unserer Gemeinschaft zu erf\u00fcllen.<\/p>\n\n\n\n<p class=\"has-text-align-justify\">Der Eintritt in die Welt der sozialen Medien war ein weiterer Meilenstein. Facebook, Instagram und Cities-App wurden zu wichtigen Kan\u00e4len, um mit der Bev\u00f6lkerung in Kontakt zu treten, Informationen zu verbreiten und unsere Arbeit transparent zu machen. Durch diese Plattformen konnten wir nicht nur \u00fcber wichtige Ereignisse informieren, sondern auch die Menschlichkeit und Zusammengeh\u00f6rigkeit in unserer Feuerwehrfamilie zeigen.<\/p>\n\n\n\n<p class=\"has-text-align-justify\">Fast eintausend Berichte in verschiedenen Medien und auf unterschiedlichen Plattformen sind ein Beweis daf\u00fcr, dass unsere Botschaften geh\u00f6rt wurden. Ob in lokalen Zeitungen, Radiosendern oder sogar im Fernsehen \u2013 die Freiwillige Feuerwehr Grafenschachen war pr\u00e4sent und konnte auf ihre Aktivit\u00e4ten aufmerksam machen.<\/p>\n\n\n\n<p class=\"has-text-align-justify\">Die tausenden Bilder, die im Laufe der Jahre entstanden sind, erz\u00e4hlen Geschichten von Einsatzfreude, Teamgeist und dem unerm\u00fcdlichen Engagement jedes Einzelnen von uns. Diese Bilder sind nicht nur Erinnerungen, sondern auch ein Archiv unserer Erfolge und Herausforderungen.<\/p>\n\n\n\n<p class=\"has-text-align-justify\">Auch wenn sich nun meine Zust\u00e4ndigkeit in der FFG ver\u00e4ndert, so werde ich doch immer ein aktives Mitglied der Freiwilligen Feuerwehr Grafenschachen bleiben.<\/p>\n\n\n\n<p class=\"has-text-align-justify\">Auf die n\u00e4chsten zwanzig Jahre, voller Erfolge und gemeinsamer Erlebnisse!<\/p>\n\n\n\n<p>Mit herzlichen Gr\u00fc\u00dfen,<\/p>\n\n\n\n<p>HBI Markus Wagner<br><\/p>\n\n\n\n<figure class=\"wp-block-image size-large\"><img loading=\"lazy\" decoding=\"async\" width=\"1024\" height=\"932\" src=\"https:\/\/www.feuerwehr-grafenschachen.at\/fw\/wp-content\/uploads\/2024\/02\/Max_02-1-1024x932.jpg\" alt=\"\" class=\"wp-image-2907\" srcset=\"https:\/\/www.feuerwehr-grafenschachen.at\/fw\/wp-content\/uploads\/2024\/02\/Max_02-1-1024x932.jpg 1024w, https:\/\/www.feuerwehr-grafenschachen.at\/fw\/wp-content\/uploads\/2024\/02\/Max_02-1-300x273.jpg 300w, https:\/\/www.feuerwehr-grafenschachen.at\/fw\/wp-content\/uploads\/2024\/02\/Max_02-1-768x699.jpg 768w, https:\/\/www.feuerwehr-grafenschachen.at\/fw\/wp-content\/uploads\/2024\/02\/Max_02-1.jpg 1200w\" sizes=\"auto, (max-width: 1024px) 100vw, 1024px\" \/><figcaption class=\"wp-element-caption\">Beitrag in der Gemeindezeitung (bei uns) aus dem Jahr 2004<\/figcaption><\/figure>\n\n\n\n<figure class=\"wp-block-image size-large\"><img loading=\"lazy\" decoding=\"async\" width=\"1024\" height=\"681\" src=\"https:\/\/www.feuerwehr-grafenschachen.at\/fw\/wp-content\/uploads\/2024\/02\/Max_01-1-1024x681.jpg\" alt=\"\" class=\"wp-image-2908\" srcset=\"https:\/\/www.feuerwehr-grafenschachen.at\/fw\/wp-content\/uploads\/2024\/02\/Max_01-1-1024x681.jpg 1024w, https:\/\/www.feuerwehr-grafenschachen.at\/fw\/wp-content\/uploads\/2024\/02\/Max_01-1-300x200.jpg 300w, https:\/\/www.feuerwehr-grafenschachen.at\/fw\/wp-content\/uploads\/2024\/02\/Max_01-1-768x511.jpg 768w, https:\/\/www.feuerwehr-grafenschachen.at\/fw\/wp-content\/uploads\/2024\/02\/Max_01-1.jpg 1200w\" sizes=\"auto, (max-width: 1024px) 100vw, 1024px\" \/><\/figure>\n","protected":false},"excerpt":{"rendered":"<p>Liebe Leserinnen und Leser! Werte Feuerwehrkameradinnen und -kameraden, mit einem wehm\u00fctigen Gef\u00fchl, aber auch voller Stolz und Dankbarkeit, verabschiede ich mich nach zwanzig Jahren als Zust\u00e4ndiger f\u00fcr die \u00d6ffentlichkeitsarbeit der [&hellip;]<\/p>\n","protected":false},"author":2,"featured_media":2909,"comment_status":"closed","ping_status":"closed","sticky":false,"template":"","format":"standard","meta":{"_acf_changed":false,"_jetpack_memberships_contains_paid_content":false,"footnotes":"","jetpack_publicize_message":"","jetpack_publicize_feature_enabled":false,"jetpack_social_post_already_shared":false,"jetpack_social_options":{"image_generator_settings":{"template":"highway","default_image_id":0,"font":"","enabled":false},"version":2}},"categories":[10],"tags":[],"class_list":["post-2904","post","type-post","status-publish","format-standard","has-post-thumbnail","hentry","category-allgemein"],"acf":[],"jetpack_publicize_connections":[],"jetpack_featured_media_url":"https:\/\/www.feuerwehr-grafenschachen.at\/fw\/wp-content\/uploads\/2024\/02\/Max_Header.jpg","jetpack_sharing_enabled":true,"_links":{"self":[{"href":"https:\/\/www.feuerwehr-grafenschachen.at\/fw\/wp-json\/wp\/v2\/posts\/2904","targetHints":{"allow":["GET"]}}],"collection":[{"href":"https:\/\/www.feuerwehr-grafenschachen.at\/fw\/wp-json\/wp\/v2\/posts"}],"about":[{"href":"https:\/\/www.feuerwehr-grafenschachen.at\/fw\/wp-json\/wp\/v2\/types\/post"}],"author":[{"embeddable":true,"href":"https:\/\/www.feuerwehr-grafenschachen.at\/fw\/wp-json\/wp\/v2\/users\/2"}],"replies":[{"embeddable":true,"href":"https:\/\/www.feuerwehr-grafenschachen.at\/fw\/wp-json\/wp\/v2\/comments?post=2904"}],"version-history":[{"count":3,"href":"https:\/\/www.feuerwehr-grafenschachen.at\/fw\/wp-json\/wp\/v2\/posts\/2904\/revisions"}],"predecessor-version":[{"id":2912,"href":"https:\/\/www.feuerwehr-grafenschachen.at\/fw\/wp-json\/wp\/v2\/posts\/2904\/revisions\/2912"}],"wp:featuredmedia":[{"embeddable":true,"href":"https:\/\/www.feuerwehr-grafenschachen.at\/fw\/wp-json\/wp\/v2\/media\/2909"}],"wp:attachment":[{"href":"https:\/\/www.feuerwehr-grafenschachen.at\/fw\/wp-json\/wp\/v2\/media?parent=2904"}],"wp:term":[{"taxonomy":"category","embeddable":true,"href":"https:\/\/www.feuerwehr-grafenschachen.at\/fw\/wp-json\/wp\/v2\/categories?post=2904"},{"taxonomy":"post_tag","embeddable":true,"href":"https:\/\/www.feuerwehr-grafenschachen.at\/fw\/wp-json\/wp\/v2\/tags?post=2904"}],"curies":[{"name":"wp","href":"https:\/\/api.w.org\/{rel}","templated":true}]}}