{"id":2663,"date":"2023-10-05T08:52:28","date_gmt":"2023-10-05T06:52:28","guid":{"rendered":"https:\/\/www.feuerwehr-grafenschachen.at\/fw\/?p=2663"},"modified":"2023-10-05T08:52:31","modified_gmt":"2023-10-05T06:52:31","slug":"70er-geburtstag-willi-putz","status":"publish","type":"post","link":"https:\/\/www.feuerwehr-grafenschachen.at\/fw\/feieren\/70er-geburtstag-willi-putz\/","title":{"rendered":"70er Geburtstag Willi Putz"},"content":{"rendered":"\n<p class=\"has-text-align-justify\">Vor kurzem feierte unser gesch\u00e4tzter Feuerwehrkamerad und ehemaliger Wirt Putz Willi seinen 70. Geburtstag. Eine Abordnung der Freiwilligen Feuerwehr Grafenschachen \u00fcberbrachte herzliche Gl\u00fcckw\u00fcnsche und bedankte sich f\u00fcr seine langj\u00e4hrige Unterst\u00fctzung.<\/p>\n\n\n\n<!--more-->\n\n\n\n<div class=\"wp-block-jetpack-tiled-gallery aligncenter is-style-rectangular\"><div class=\"tiled-gallery__gallery\"><div class=\"tiled-gallery__row\"><div class=\"tiled-gallery__col\" style=\"flex-basis:19.89741%\"><figure class=\"tiled-gallery__item\"><a href=\"https:\/\/www.feuerwehr-grafenschachen.at\/fw\/wp-content\/uploads\/2023\/10\/70erWilli2023_03.jpg\"><img decoding=\"async\" srcset=\"https:\/\/i0.wp.com\/www.feuerwehr-grafenschachen.at\/fw\/wp-content\/uploads\/2023\/10\/70erWilli2023_03.jpg?strip=info&#038;w=600&#038;ssl=1 600w,https:\/\/i0.wp.com\/www.feuerwehr-grafenschachen.at\/fw\/wp-content\/uploads\/2023\/10\/70erWilli2023_03.jpg?strip=info&#038;w=768&#038;ssl=1 768w\" alt=\"\" data-height=\"1024\" data-id=\"2664\" data-link=\"https:\/\/www.feuerwehr-grafenschachen.at\/fw\/?attachment_id=2664\" data-url=\"https:\/\/www.feuerwehr-grafenschachen.at\/fw\/wp-content\/uploads\/2023\/10\/70erWilli2023_03.jpg\" data-width=\"768\" src=\"https:\/\/i0.wp.com\/www.feuerwehr-grafenschachen.at\/fw\/wp-content\/uploads\/2023\/10\/70erWilli2023_03.jpg?ssl=1\" data-amp-layout=\"responsive\"\/><\/a><\/figure><\/div><div class=\"tiled-gallery__col\" style=\"flex-basis:40.30777%\"><figure class=\"tiled-gallery__item\"><a href=\"https:\/\/www.feuerwehr-grafenschachen.at\/fw\/wp-content\/uploads\/2023\/10\/70erWilli2023_01.jpg\"><img decoding=\"async\" srcset=\"https:\/\/i1.wp.com\/www.feuerwehr-grafenschachen.at\/fw\/wp-content\/uploads\/2023\/10\/70erWilli2023_01.jpg?strip=info&#038;w=600&#038;ssl=1 600w,https:\/\/i1.wp.com\/www.feuerwehr-grafenschachen.at\/fw\/wp-content\/uploads\/2023\/10\/70erWilli2023_01.jpg?strip=info&#038;w=768&#038;ssl=1 768w\" alt=\"\" data-height=\"504\" data-id=\"2665\" data-link=\"https:\/\/www.feuerwehr-grafenschachen.at\/fw\/?attachment_id=2665\" data-url=\"https:\/\/www.feuerwehr-grafenschachen.at\/fw\/wp-content\/uploads\/2023\/10\/70erWilli2023_01.jpg\" data-width=\"768\" src=\"https:\/\/i1.wp.com\/www.feuerwehr-grafenschachen.at\/fw\/wp-content\/uploads\/2023\/10\/70erWilli2023_01.jpg?ssl=1\" data-amp-layout=\"responsive\"\/><\/a><\/figure><\/div><div class=\"tiled-gallery__col\" style=\"flex-basis:19.89741%\"><figure class=\"tiled-gallery__item\"><a href=\"https:\/\/www.feuerwehr-grafenschachen.at\/fw\/wp-content\/uploads\/2023\/10\/70erWilli2023_04.jpg\"><img decoding=\"async\" srcset=\"https:\/\/i2.wp.com\/www.feuerwehr-grafenschachen.at\/fw\/wp-content\/uploads\/2023\/10\/70erWilli2023_04.jpg?strip=info&#038;w=600&#038;ssl=1 600w,https:\/\/i2.wp.com\/www.feuerwehr-grafenschachen.at\/fw\/wp-content\/uploads\/2023\/10\/70erWilli2023_04.jpg?strip=info&#038;w=768&#038;ssl=1 768w\" alt=\"\" data-height=\"1024\" data-id=\"2666\" data-link=\"https:\/\/www.feuerwehr-grafenschachen.at\/fw\/?attachment_id=2666\" data-url=\"https:\/\/www.feuerwehr-grafenschachen.at\/fw\/wp-content\/uploads\/2023\/10\/70erWilli2023_04.jpg\" data-width=\"768\" src=\"https:\/\/i2.wp.com\/www.feuerwehr-grafenschachen.at\/fw\/wp-content\/uploads\/2023\/10\/70erWilli2023_04.jpg?ssl=1\" data-amp-layout=\"responsive\"\/><\/a><\/figure><\/div><div class=\"tiled-gallery__col\" style=\"flex-basis:19.89741%\"><figure class=\"tiled-gallery__item\"><a href=\"https:\/\/www.feuerwehr-grafenschachen.at\/fw\/wp-content\/uploads\/2023\/10\/70erWilli2023_02.jpg\"><img decoding=\"async\" srcset=\"https:\/\/i2.wp.com\/www.feuerwehr-grafenschachen.at\/fw\/wp-content\/uploads\/2023\/10\/70erWilli2023_02.jpg?strip=info&#038;w=600&#038;ssl=1 600w,https:\/\/i2.wp.com\/www.feuerwehr-grafenschachen.at\/fw\/wp-content\/uploads\/2023\/10\/70erWilli2023_02.jpg?strip=info&#038;w=768&#038;ssl=1 768w\" alt=\"\" data-height=\"1024\" data-id=\"2667\" data-link=\"https:\/\/www.feuerwehr-grafenschachen.at\/fw\/?attachment_id=2667\" data-url=\"https:\/\/www.feuerwehr-grafenschachen.at\/fw\/wp-content\/uploads\/2023\/10\/70erWilli2023_02.jpg\" data-width=\"768\" src=\"https:\/\/i2.wp.com\/www.feuerwehr-grafenschachen.at\/fw\/wp-content\/uploads\/2023\/10\/70erWilli2023_02.jpg?ssl=1\" data-amp-layout=\"responsive\"\/><\/a><\/figure><\/div><\/div><\/div><\/div>\n","protected":false},"excerpt":{"rendered":"<p>Vor kurzem feierte unser gesch\u00e4tzter Feuerwehrkamerad und ehemaliger Wirt Putz Willi seinen 70. Geburtstag. Eine Abordnung der Freiwilligen Feuerwehr Grafenschachen \u00fcberbrachte herzliche Gl\u00fcckw\u00fcnsche und bedankte sich f\u00fcr seine langj\u00e4hrige Unterst\u00fctzung.<\/p>\n","protected":false},"author":2,"featured_media":2665,"comment_status":"closed","ping_status":"closed","sticky":false,"template":"","format":"standard","meta":{"_acf_changed":false,"_jetpack_memberships_contains_paid_content":false,"footnotes":"","jetpack_publicize_message":"","jetpack_publicize_feature_enabled":true,"jetpack_social_post_already_shared":true,"jetpack_social_options":{"image_generator_settings":{"template":"highway","default_image_id":0,"font":"","enabled":false},"version":2}},"categories":[31],"tags":[],"class_list":["post-2663","post","type-post","status-publish","format-standard","has-post-thumbnail","hentry","category-feieren"],"acf":[],"jetpack_publicize_connections":[],"jetpack_featured_media_url":"https:\/\/www.feuerwehr-grafenschachen.at\/fw\/wp-content\/uploads\/2023\/10\/70erWilli2023_01.jpg","jetpack_sharing_enabled":true,"_links":{"self":[{"href":"https:\/\/www.feuerwehr-grafenschachen.at\/fw\/wp-json\/wp\/v2\/posts\/2663","targetHints":{"allow":["GET"]}}],"collection":[{"href":"https:\/\/www.feuerwehr-grafenschachen.at\/fw\/wp-json\/wp\/v2\/posts"}],"about":[{"href":"https:\/\/www.feuerwehr-grafenschachen.at\/fw\/wp-json\/wp\/v2\/types\/post"}],"author":[{"embeddable":true,"href":"https:\/\/www.feuerwehr-grafenschachen.at\/fw\/wp-json\/wp\/v2\/users\/2"}],"replies":[{"embeddable":true,"href":"https:\/\/www.feuerwehr-grafenschachen.at\/fw\/wp-json\/wp\/v2\/comments?post=2663"}],"version-history":[{"count":3,"href":"https:\/\/www.feuerwehr-grafenschachen.at\/fw\/wp-json\/wp\/v2\/posts\/2663\/revisions"}],"predecessor-version":[{"id":2670,"href":"https:\/\/www.feuerwehr-grafenschachen.at\/fw\/wp-json\/wp\/v2\/posts\/2663\/revisions\/2670"}],"wp:featuredmedia":[{"embeddable":true,"href":"https:\/\/www.feuerwehr-grafenschachen.at\/fw\/wp-json\/wp\/v2\/media\/2665"}],"wp:attachment":[{"href":"https:\/\/www.feuerwehr-grafenschachen.at\/fw\/wp-json\/wp\/v2\/media?parent=2663"}],"wp:term":[{"taxonomy":"category","embeddable":true,"href":"https:\/\/www.feuerwehr-grafenschachen.at\/fw\/wp-json\/wp\/v2\/categories?post=2663"},{"taxonomy":"post_tag","embeddable":true,"href":"https:\/\/www.feuerwehr-grafenschachen.at\/fw\/wp-json\/wp\/v2\/tags?post=2663"}],"curies":[{"name":"wp","href":"https:\/\/api.w.org\/{rel}","templated":true}]}}