{"id":2021,"date":"2022-10-29T12:24:00","date_gmt":"2022-10-29T10:24:00","guid":{"rendered":"https:\/\/www.feuerwehr-grafenschachen.at\/fw\/?p=2021"},"modified":"2022-11-27T12:59:46","modified_gmt":"2022-11-27T11:59:46","slug":"wir-pflanzen-13-von-30-000-baeume","status":"publish","type":"post","link":"https:\/\/www.feuerwehr-grafenschachen.at\/fw\/jugend\/wir-pflanzen-13-von-30-000-baeume\/","title":{"rendered":"Wir pflanzen 13 von 30.000 B\u00e4ume!!"},"content":{"rendered":"\n<p class=\"has-text-align-justify\">Rund 30.000 Feuerwehrjugendmitglieder setzen gemeinsam ein Zeichen f\u00fcr den Umwelt- und Klimaschutz. In der Feuerwehrjugend-Aktionswoche in den Herbstferien werden in ganz \u00d6sterreich B\u00e4ume gepflanzt. Auch das Burgenland beteiligt sich an dieser gro\u00dfartigen Aktion.<\/p>\n\n\n\n<!--more-->\n\n\n\n<p class=\"has-text-align-justify\">Die rund 2.000 B\u00e4ume f\u00fcr die burgenl\u00e4ndischen Feuerwehrjugendmitglieder werden von Landesfeuerwehrreferent Heinrich Dorner in Kooperation mit dem Landesforstgarten kostenlos zur Verf\u00fcgung gestellt.<\/p>\n\n\n\n<p class=\"has-text-align-justify\">Die Feuerwehrjugend der Freiwilligen Feuerwehr Grafenschachen nahm bei dieser gro\u00dfartigen Aktion teil und pflanzte f\u00fcr jedes Feuerwehrjugendmitglied einen Baum!<\/p>\n\n\n\n<p>#seidabei<\/p>\n\n\n\n<div class=\"wp-block-jetpack-tiled-gallery aligncenter is-style-rectangular\"><div class=\"tiled-gallery__gallery\"><div class=\"tiled-gallery__row\"><div class=\"tiled-gallery__col\" style=\"flex-basis:25.00000%\"><figure class=\"tiled-gallery__item\"><a href=\"https:\/\/www.feuerwehr-grafenschachen.at\/fw\/wp-content\/uploads\/2022\/10\/FWJ_Baum_01.jpg\"><img decoding=\"async\" srcset=\"https:\/\/i0.wp.com\/www.feuerwehr-grafenschachen.at\/fw\/wp-content\/uploads\/2022\/10\/FWJ_Baum_01.jpg?strip=info&#038;w=600&#038;ssl=1 600w,https:\/\/i0.wp.com\/www.feuerwehr-grafenschachen.at\/fw\/wp-content\/uploads\/2022\/10\/FWJ_Baum_01.jpg?strip=info&#038;w=768&#038;ssl=1 768w\" alt=\"\" data-height=\"1024\" data-id=\"2022\" data-link=\"https:\/\/www.feuerwehr-grafenschachen.at\/fw\/jugend\/wir-pflanzen-13-von-30-000-baeume\/attachment\/fwj_baum_01\/\" data-url=\"https:\/\/www.feuerwehr-grafenschachen.at\/fw\/wp-content\/uploads\/2022\/10\/FWJ_Baum_01.jpg\" data-width=\"768\" src=\"https:\/\/i0.wp.com\/www.feuerwehr-grafenschachen.at\/fw\/wp-content\/uploads\/2022\/10\/FWJ_Baum_01.jpg?ssl=1\" data-amp-layout=\"responsive\"\/><\/a><\/figure><\/div><div class=\"tiled-gallery__col\" style=\"flex-basis:25.00000%\"><figure class=\"tiled-gallery__item\"><a href=\"https:\/\/www.feuerwehr-grafenschachen.at\/fw\/wp-content\/uploads\/2022\/10\/FWJ_Baum_02.jpg\"><img decoding=\"async\" srcset=\"https:\/\/i1.wp.com\/www.feuerwehr-grafenschachen.at\/fw\/wp-content\/uploads\/2022\/10\/FWJ_Baum_02.jpg?strip=info&#038;w=600&#038;ssl=1 600w,https:\/\/i1.wp.com\/www.feuerwehr-grafenschachen.at\/fw\/wp-content\/uploads\/2022\/10\/FWJ_Baum_02.jpg?strip=info&#038;w=768&#038;ssl=1 768w\" alt=\"\" data-height=\"1024\" data-id=\"2023\" data-link=\"https:\/\/www.feuerwehr-grafenschachen.at\/fw\/jugend\/wir-pflanzen-13-von-30-000-baeume\/attachment\/fwj_baum_02\/\" data-url=\"https:\/\/www.feuerwehr-grafenschachen.at\/fw\/wp-content\/uploads\/2022\/10\/FWJ_Baum_02.jpg\" data-width=\"768\" src=\"https:\/\/i1.wp.com\/www.feuerwehr-grafenschachen.at\/fw\/wp-content\/uploads\/2022\/10\/FWJ_Baum_02.jpg?ssl=1\" data-amp-layout=\"responsive\"\/><\/a><\/figure><\/div><div class=\"tiled-gallery__col\" style=\"flex-basis:25.00000%\"><figure class=\"tiled-gallery__item\"><a href=\"https:\/\/www.feuerwehr-grafenschachen.at\/fw\/wp-content\/uploads\/2022\/10\/FWJ_Baum_03.jpg\"><img decoding=\"async\" srcset=\"https:\/\/i0.wp.com\/www.feuerwehr-grafenschachen.at\/fw\/wp-content\/uploads\/2022\/10\/FWJ_Baum_03.jpg?strip=info&#038;w=600&#038;ssl=1 600w,https:\/\/i0.wp.com\/www.feuerwehr-grafenschachen.at\/fw\/wp-content\/uploads\/2022\/10\/FWJ_Baum_03.jpg?strip=info&#038;w=768&#038;ssl=1 768w\" alt=\"\" data-height=\"1024\" data-id=\"2024\" data-link=\"https:\/\/www.feuerwehr-grafenschachen.at\/fw\/jugend\/wir-pflanzen-13-von-30-000-baeume\/attachment\/fwj_baum_03\/\" data-url=\"https:\/\/www.feuerwehr-grafenschachen.at\/fw\/wp-content\/uploads\/2022\/10\/FWJ_Baum_03.jpg\" data-width=\"768\" src=\"https:\/\/i0.wp.com\/www.feuerwehr-grafenschachen.at\/fw\/wp-content\/uploads\/2022\/10\/FWJ_Baum_03.jpg?ssl=1\" data-amp-layout=\"responsive\"\/><\/a><\/figure><\/div><div class=\"tiled-gallery__col\" style=\"flex-basis:25.00000%\"><figure class=\"tiled-gallery__item\"><a href=\"https:\/\/www.feuerwehr-grafenschachen.at\/fw\/wp-content\/uploads\/2022\/10\/FWJ_Baum_04.jpg\"><img decoding=\"async\" srcset=\"https:\/\/i2.wp.com\/www.feuerwehr-grafenschachen.at\/fw\/wp-content\/uploads\/2022\/10\/FWJ_Baum_04.jpg?strip=info&#038;w=600&#038;ssl=1 600w,https:\/\/i2.wp.com\/www.feuerwehr-grafenschachen.at\/fw\/wp-content\/uploads\/2022\/10\/FWJ_Baum_04.jpg?strip=info&#038;w=768&#038;ssl=1 768w\" alt=\"\" data-height=\"1024\" data-id=\"2025\" data-link=\"https:\/\/www.feuerwehr-grafenschachen.at\/fw\/jugend\/wir-pflanzen-13-von-30-000-baeume\/attachment\/fwj_baum_04\/\" data-url=\"https:\/\/www.feuerwehr-grafenschachen.at\/fw\/wp-content\/uploads\/2022\/10\/FWJ_Baum_04.jpg\" data-width=\"768\" src=\"https:\/\/i2.wp.com\/www.feuerwehr-grafenschachen.at\/fw\/wp-content\/uploads\/2022\/10\/FWJ_Baum_04.jpg?ssl=1\" data-amp-layout=\"responsive\"\/><\/a><\/figure><\/div><\/div><div class=\"tiled-gallery__row\"><div class=\"tiled-gallery__col\" style=\"flex-basis:28.15612%\"><figure class=\"tiled-gallery__item\"><a href=\"https:\/\/www.feuerwehr-grafenschachen.at\/fw\/wp-content\/uploads\/2022\/10\/FWJ_Baum_05.jpg\"><img decoding=\"async\" srcset=\"https:\/\/i0.wp.com\/www.feuerwehr-grafenschachen.at\/fw\/wp-content\/uploads\/2022\/10\/FWJ_Baum_05.jpg?strip=info&#038;w=600&#038;ssl=1 600w,https:\/\/i0.wp.com\/www.feuerwehr-grafenschachen.at\/fw\/wp-content\/uploads\/2022\/10\/FWJ_Baum_05.jpg?strip=info&#038;w=900&#038;ssl=1 900w,https:\/\/i0.wp.com\/www.feuerwehr-grafenschachen.at\/fw\/wp-content\/uploads\/2022\/10\/FWJ_Baum_05.jpg?strip=info&#038;w=1024&#038;ssl=1 1024w\" alt=\"\" data-height=\"768\" data-id=\"2026\" data-link=\"https:\/\/www.feuerwehr-grafenschachen.at\/fw\/jugend\/wir-pflanzen-13-von-30-000-baeume\/attachment\/fwj_baum_05\/\" data-url=\"https:\/\/www.feuerwehr-grafenschachen.at\/fw\/wp-content\/uploads\/2022\/10\/FWJ_Baum_05.jpg\" data-width=\"1024\" src=\"https:\/\/i0.wp.com\/www.feuerwehr-grafenschachen.at\/fw\/wp-content\/uploads\/2022\/10\/FWJ_Baum_05.jpg?ssl=1\" data-amp-layout=\"responsive\"\/><\/a><\/figure><\/div><div class=\"tiled-gallery__col\" style=\"flex-basis:28.15612%\"><figure class=\"tiled-gallery__item\"><a href=\"https:\/\/www.feuerwehr-grafenschachen.at\/fw\/wp-content\/uploads\/2022\/10\/FWJ_Baum_06.jpg\"><img decoding=\"async\" srcset=\"https:\/\/i1.wp.com\/www.feuerwehr-grafenschachen.at\/fw\/wp-content\/uploads\/2022\/10\/FWJ_Baum_06.jpg?strip=info&#038;w=600&#038;ssl=1 600w,https:\/\/i1.wp.com\/www.feuerwehr-grafenschachen.at\/fw\/wp-content\/uploads\/2022\/10\/FWJ_Baum_06.jpg?strip=info&#038;w=900&#038;ssl=1 900w,https:\/\/i1.wp.com\/www.feuerwehr-grafenschachen.at\/fw\/wp-content\/uploads\/2022\/10\/FWJ_Baum_06.jpg?strip=info&#038;w=1024&#038;ssl=1 1024w\" alt=\"\" data-height=\"768\" data-id=\"2027\" data-link=\"https:\/\/www.feuerwehr-grafenschachen.at\/fw\/jugend\/wir-pflanzen-13-von-30-000-baeume\/attachment\/fwj_baum_06\/\" data-url=\"https:\/\/www.feuerwehr-grafenschachen.at\/fw\/wp-content\/uploads\/2022\/10\/FWJ_Baum_06.jpg\" data-width=\"1024\" src=\"https:\/\/i1.wp.com\/www.feuerwehr-grafenschachen.at\/fw\/wp-content\/uploads\/2022\/10\/FWJ_Baum_06.jpg?ssl=1\" data-amp-layout=\"responsive\"\/><\/a><\/figure><\/div><div class=\"tiled-gallery__col\" style=\"flex-basis:15.53164%\"><figure class=\"tiled-gallery__item\"><a href=\"https:\/\/www.feuerwehr-grafenschachen.at\/fw\/wp-content\/uploads\/2022\/10\/FWJ_Baum_07.jpg\"><img decoding=\"async\" srcset=\"https:\/\/i0.wp.com\/www.feuerwehr-grafenschachen.at\/fw\/wp-content\/uploads\/2022\/10\/FWJ_Baum_07.jpg?strip=info&#038;w=600&#038;ssl=1 600w,https:\/\/i0.wp.com\/www.feuerwehr-grafenschachen.at\/fw\/wp-content\/uploads\/2022\/10\/FWJ_Baum_07.jpg?strip=info&#038;w=750&#038;ssl=1 750w\" alt=\"\" data-height=\"1024\" data-id=\"2028\" data-link=\"https:\/\/www.feuerwehr-grafenschachen.at\/fw\/jugend\/wir-pflanzen-13-von-30-000-baeume\/attachment\/fwj_baum_07\/\" data-url=\"https:\/\/www.feuerwehr-grafenschachen.at\/fw\/wp-content\/uploads\/2022\/10\/FWJ_Baum_07.jpg\" data-width=\"750\" src=\"https:\/\/i0.wp.com\/www.feuerwehr-grafenschachen.at\/fw\/wp-content\/uploads\/2022\/10\/FWJ_Baum_07.jpg?ssl=1\" data-amp-layout=\"responsive\"\/><\/a><\/figure><\/div><div class=\"tiled-gallery__col\" style=\"flex-basis:28.15612%\"><figure class=\"tiled-gallery__item\"><a href=\"https:\/\/www.feuerwehr-grafenschachen.at\/fw\/wp-content\/uploads\/2022\/10\/FWJ_Baum_08.jpg\"><img decoding=\"async\" srcset=\"https:\/\/i0.wp.com\/www.feuerwehr-grafenschachen.at\/fw\/wp-content\/uploads\/2022\/10\/FWJ_Baum_08.jpg?strip=info&#038;w=600&#038;ssl=1 600w,https:\/\/i0.wp.com\/www.feuerwehr-grafenschachen.at\/fw\/wp-content\/uploads\/2022\/10\/FWJ_Baum_08.jpg?strip=info&#038;w=900&#038;ssl=1 900w,https:\/\/i0.wp.com\/www.feuerwehr-grafenschachen.at\/fw\/wp-content\/uploads\/2022\/10\/FWJ_Baum_08.jpg?strip=info&#038;w=1024&#038;ssl=1 1024w\" alt=\"\" data-height=\"768\" data-id=\"2029\" data-link=\"https:\/\/www.feuerwehr-grafenschachen.at\/fw\/jugend\/wir-pflanzen-13-von-30-000-baeume\/attachment\/fwj_baum_08\/\" data-url=\"https:\/\/www.feuerwehr-grafenschachen.at\/fw\/wp-content\/uploads\/2022\/10\/FWJ_Baum_08.jpg\" data-width=\"1024\" src=\"https:\/\/i0.wp.com\/www.feuerwehr-grafenschachen.at\/fw\/wp-content\/uploads\/2022\/10\/FWJ_Baum_08.jpg?ssl=1\" data-amp-layout=\"responsive\"\/><\/a><\/figure><\/div><\/div><\/div><\/div>\n","protected":false},"excerpt":{"rendered":"<p>Rund 30.000 Feuerwehrjugendmitglieder setzen gemeinsam ein Zeichen f\u00fcr den Umwelt- und Klimaschutz. In der Feuerwehrjugend-Aktionswoche in den Herbstferien werden in ganz \u00d6sterreich B\u00e4ume gepflanzt. Auch das Burgenland beteiligt sich an [&hellip;]<\/p>\n","protected":false},"author":2,"featured_media":2030,"comment_status":"closed","ping_status":"closed","sticky":false,"template":"","format":"standard","meta":{"_acf_changed":false,"_jetpack_memberships_contains_paid_content":false,"footnotes":"","jetpack_publicize_message":"","jetpack_publicize_feature_enabled":false,"jetpack_social_post_already_shared":true,"jetpack_social_options":{"image_generator_settings":{"template":"highway","default_image_id":0,"font":"","enabled":false},"version":2}},"categories":[32],"tags":[],"class_list":["post-2021","post","type-post","status-publish","format-standard","has-post-thumbnail","hentry","category-jugend"],"acf":[],"jetpack_publicize_connections":[],"jetpack_featured_media_url":"https:\/\/www.feuerwehr-grafenschachen.at\/fw\/wp-content\/uploads\/2022\/10\/FWJ_Baum_Header.jpg","jetpack_sharing_enabled":true,"_links":{"self":[{"href":"https:\/\/www.feuerwehr-grafenschachen.at\/fw\/wp-json\/wp\/v2\/posts\/2021","targetHints":{"allow":["GET"]}}],"collection":[{"href":"https:\/\/www.feuerwehr-grafenschachen.at\/fw\/wp-json\/wp\/v2\/posts"}],"about":[{"href":"https:\/\/www.feuerwehr-grafenschachen.at\/fw\/wp-json\/wp\/v2\/types\/post"}],"author":[{"embeddable":true,"href":"https:\/\/www.feuerwehr-grafenschachen.at\/fw\/wp-json\/wp\/v2\/users\/2"}],"replies":[{"embeddable":true,"href":"https:\/\/www.feuerwehr-grafenschachen.at\/fw\/wp-json\/wp\/v2\/comments?post=2021"}],"version-history":[{"count":2,"href":"https:\/\/www.feuerwehr-grafenschachen.at\/fw\/wp-json\/wp\/v2\/posts\/2021\/revisions"}],"predecessor-version":[{"id":2113,"href":"https:\/\/www.feuerwehr-grafenschachen.at\/fw\/wp-json\/wp\/v2\/posts\/2021\/revisions\/2113"}],"wp:featuredmedia":[{"embeddable":true,"href":"https:\/\/www.feuerwehr-grafenschachen.at\/fw\/wp-json\/wp\/v2\/media\/2030"}],"wp:attachment":[{"href":"https:\/\/www.feuerwehr-grafenschachen.at\/fw\/wp-json\/wp\/v2\/media?parent=2021"}],"wp:term":[{"taxonomy":"category","embeddable":true,"href":"https:\/\/www.feuerwehr-grafenschachen.at\/fw\/wp-json\/wp\/v2\/categories?post=2021"},{"taxonomy":"post_tag","embeddable":true,"href":"https:\/\/www.feuerwehr-grafenschachen.at\/fw\/wp-json\/wp\/v2\/tags?post=2021"}],"curies":[{"name":"wp","href":"https:\/\/api.w.org\/{rel}","templated":true}]}}