{"id":1513,"date":"2022-03-17T17:44:19","date_gmt":"2022-03-17T16:44:19","guid":{"rendered":"https:\/\/www.feuerwehr-grafenschachen.at\/fw\/?p=1513"},"modified":"2022-03-19T10:09:56","modified_gmt":"2022-03-19T09:09:56","slug":"in-tiefster-trauer","status":"publish","type":"post","link":"https:\/\/www.feuerwehr-grafenschachen.at\/fw\/allgemein\/in-tiefster-trauer\/","title":{"rendered":"In tiefster Trauer\u2026"},"content":{"rendered":"\n<p>Fassungslos, best\u00fcrzt und mit gro\u00dfer Trauer erf\u00fcllt die Freiwillige Feuerwehr Grafenschachen die Pflicht, vom Ableben ihres Kameraden<\/p>\n\n\n\n<p class=\"has-text-align-center has-medium-font-size\"><strong>Herrn OLM Wolfgang Zankl<\/strong><\/p>\n\n\n\n<p class=\"has-text-align-center\">&nbsp;11.02.1972 &#8211; 17.03.2022<\/p>\n\n\n\n<p>Nachricht zu geben.<\/p>\n\n\n\n<p>Wir verlieren nicht nur einen treuen und verdienstvollen Kameraden und Feuerwehrmann, sondern auch einen guten Freund.<\/p>\n\n\n\n<p>Das Kommando der Freiwilligen Feuerwehr Grafenschachen<\/p>\n\n\n\n<div class=\"wp-block-image\"><figure class=\"aligncenter size-full\"><img loading=\"lazy\" decoding=\"async\" width=\"674\" height=\"586\" src=\"https:\/\/www.feuerwehr-grafenschachen.at\/fw\/wp-content\/uploads\/2022\/03\/Wolf2022.png\" alt=\"\" class=\"wp-image-1516\" srcset=\"https:\/\/www.feuerwehr-grafenschachen.at\/fw\/wp-content\/uploads\/2022\/03\/Wolf2022.png 674w, https:\/\/www.feuerwehr-grafenschachen.at\/fw\/wp-content\/uploads\/2022\/03\/Wolf2022-300x261.png 300w\" sizes=\"auto, (max-width: 674px) 100vw, 674px\" \/><figcaption>R.I.P<\/figcaption><\/figure><\/div>\n","protected":false},"excerpt":{"rendered":"<p>Fassungslos, best\u00fcrzt und mit gro\u00dfer Trauer erf\u00fcllt die Freiwillige Feuerwehr Grafenschachen die Pflicht, vom Ableben ihres Kameraden Herrn OLM Wolfgang Zankl &nbsp;11.02.1972 &#8211; 17.03.2022 Nachricht zu geben. Wir verlieren nicht [&hellip;]<\/p>\n","protected":false},"author":2,"featured_media":1514,"comment_status":"closed","ping_status":"closed","sticky":false,"template":"","format":"standard","meta":{"_acf_changed":false,"_jetpack_memberships_contains_paid_content":false,"footnotes":"","jetpack_publicize_message":"","jetpack_publicize_feature_enabled":true,"jetpack_social_post_already_shared":true,"jetpack_social_options":{"image_generator_settings":{"template":"highway","default_image_id":0,"font":"","enabled":false},"version":2}},"categories":[10],"tags":[],"class_list":["post-1513","post","type-post","status-publish","format-standard","has-post-thumbnail","hentry","category-allgemein"],"acf":[],"jetpack_publicize_connections":[],"jetpack_featured_media_url":"https:\/\/www.feuerwehr-grafenschachen.at\/fw\/wp-content\/uploads\/2022\/03\/Trauer-Korpsabzeichen-breit.jpg","jetpack_sharing_enabled":true,"_links":{"self":[{"href":"https:\/\/www.feuerwehr-grafenschachen.at\/fw\/wp-json\/wp\/v2\/posts\/1513","targetHints":{"allow":["GET"]}}],"collection":[{"href":"https:\/\/www.feuerwehr-grafenschachen.at\/fw\/wp-json\/wp\/v2\/posts"}],"about":[{"href":"https:\/\/www.feuerwehr-grafenschachen.at\/fw\/wp-json\/wp\/v2\/types\/post"}],"author":[{"embeddable":true,"href":"https:\/\/www.feuerwehr-grafenschachen.at\/fw\/wp-json\/wp\/v2\/users\/2"}],"replies":[{"embeddable":true,"href":"https:\/\/www.feuerwehr-grafenschachen.at\/fw\/wp-json\/wp\/v2\/comments?post=1513"}],"version-history":[{"count":3,"href":"https:\/\/www.feuerwehr-grafenschachen.at\/fw\/wp-json\/wp\/v2\/posts\/1513\/revisions"}],"predecessor-version":[{"id":1520,"href":"https:\/\/www.feuerwehr-grafenschachen.at\/fw\/wp-json\/wp\/v2\/posts\/1513\/revisions\/1520"}],"wp:featuredmedia":[{"embeddable":true,"href":"https:\/\/www.feuerwehr-grafenschachen.at\/fw\/wp-json\/wp\/v2\/media\/1514"}],"wp:attachment":[{"href":"https:\/\/www.feuerwehr-grafenschachen.at\/fw\/wp-json\/wp\/v2\/media?parent=1513"}],"wp:term":[{"taxonomy":"category","embeddable":true,"href":"https:\/\/www.feuerwehr-grafenschachen.at\/fw\/wp-json\/wp\/v2\/categories?post=1513"},{"taxonomy":"post_tag","embeddable":true,"href":"https:\/\/www.feuerwehr-grafenschachen.at\/fw\/wp-json\/wp\/v2\/tags?post=1513"}],"curies":[{"name":"wp","href":"https:\/\/api.w.org\/{rel}","templated":true}]}}