{"id":1507,"date":"2022-03-10T18:06:00","date_gmt":"2022-03-10T17:06:00","guid":{"rendered":"https:\/\/www.feuerwehr-grafenschachen.at\/fw\/?p=1507"},"modified":"2022-03-10T10:07:37","modified_gmt":"2022-03-10T09:07:37","slug":"60er-hlm-hermann-halwachs","status":"publish","type":"post","link":"https:\/\/www.feuerwehr-grafenschachen.at\/fw\/feieren\/60er-hlm-hermann-halwachs\/","title":{"rendered":"60er HLM Hermann Halwachs"},"content":{"rendered":"\n<p>Vor kurzem feierte unser lang gedientes Feuerwehrmitglied HLM Hermann Halwachs seinen 60. Geburtstag.<\/p>\n\n\n\n<p>Eine Abordnung der Freiwilligen Feuerwehr Grafenschachen, an der Spitze Feuerwehrkommandant OBI Martin Hoppel, \u00fcberbrachten die Gl\u00fcckw\u00fcnsche der Kameraden der FF Grafenschachen und \u00fcberreichten ein kleines Pr\u00e4sent.<\/p>\n\n\n\n<p>Auch auf diesem Wege alles Gute und viel Gesundheit!<\/p>\n\n\n\n<figure class=\"wp-block-image size-large\"><img loading=\"lazy\" decoding=\"async\" width=\"1024\" height=\"768\" src=\"https:\/\/www.feuerwehr-grafenschachen.at\/fw\/wp-content\/uploads\/2022\/03\/PHOTO-2022-03-08-19-19-06-1024x768.jpg\" alt=\"\" class=\"wp-image-1509\" srcset=\"https:\/\/www.feuerwehr-grafenschachen.at\/fw\/wp-content\/uploads\/2022\/03\/PHOTO-2022-03-08-19-19-06-1024x768.jpg 1024w, https:\/\/www.feuerwehr-grafenschachen.at\/fw\/wp-content\/uploads\/2022\/03\/PHOTO-2022-03-08-19-19-06-300x225.jpg 300w, https:\/\/www.feuerwehr-grafenschachen.at\/fw\/wp-content\/uploads\/2022\/03\/PHOTO-2022-03-08-19-19-06-768x576.jpg 768w, https:\/\/www.feuerwehr-grafenschachen.at\/fw\/wp-content\/uploads\/2022\/03\/PHOTO-2022-03-08-19-19-06-1536x1152.jpg 1536w, https:\/\/www.feuerwehr-grafenschachen.at\/fw\/wp-content\/uploads\/2022\/03\/PHOTO-2022-03-08-19-19-06.jpg 2048w\" sizes=\"auto, (max-width: 1024px) 100vw, 1024px\" \/><\/figure>\n","protected":false},"excerpt":{"rendered":"<p>Vor kurzem feierte unser lang gedientes Feuerwehrmitglied HLM Hermann Halwachs seinen 60. Geburtstag. Eine Abordnung der Freiwilligen Feuerwehr Grafenschachen, an der Spitze Feuerwehrkommandant OBI Martin Hoppel, \u00fcberbrachten die Gl\u00fcckw\u00fcnsche der [&hellip;]<\/p>\n","protected":false},"author":2,"featured_media":1510,"comment_status":"closed","ping_status":"closed","sticky":false,"template":"","format":"standard","meta":{"_acf_changed":false,"_jetpack_memberships_contains_paid_content":false,"footnotes":"","jetpack_publicize_message":"","jetpack_publicize_feature_enabled":true,"jetpack_social_post_already_shared":true,"jetpack_social_options":{"image_generator_settings":{"template":"highway","default_image_id":0,"font":"","enabled":false},"version":2}},"categories":[31],"tags":[],"class_list":["post-1507","post","type-post","status-publish","format-standard","has-post-thumbnail","hentry","category-feieren"],"acf":[],"jetpack_publicize_connections":[],"jetpack_featured_media_url":"https:\/\/www.feuerwehr-grafenschachen.at\/fw\/wp-content\/uploads\/2022\/03\/Header_60er_HH.jpg","jetpack_sharing_enabled":true,"_links":{"self":[{"href":"https:\/\/www.feuerwehr-grafenschachen.at\/fw\/wp-json\/wp\/v2\/posts\/1507","targetHints":{"allow":["GET"]}}],"collection":[{"href":"https:\/\/www.feuerwehr-grafenschachen.at\/fw\/wp-json\/wp\/v2\/posts"}],"about":[{"href":"https:\/\/www.feuerwehr-grafenschachen.at\/fw\/wp-json\/wp\/v2\/types\/post"}],"author":[{"embeddable":true,"href":"https:\/\/www.feuerwehr-grafenschachen.at\/fw\/wp-json\/wp\/v2\/users\/2"}],"replies":[{"embeddable":true,"href":"https:\/\/www.feuerwehr-grafenschachen.at\/fw\/wp-json\/wp\/v2\/comments?post=1507"}],"version-history":[{"count":1,"href":"https:\/\/www.feuerwehr-grafenschachen.at\/fw\/wp-json\/wp\/v2\/posts\/1507\/revisions"}],"predecessor-version":[{"id":1511,"href":"https:\/\/www.feuerwehr-grafenschachen.at\/fw\/wp-json\/wp\/v2\/posts\/1507\/revisions\/1511"}],"wp:featuredmedia":[{"embeddable":true,"href":"https:\/\/www.feuerwehr-grafenschachen.at\/fw\/wp-json\/wp\/v2\/media\/1510"}],"wp:attachment":[{"href":"https:\/\/www.feuerwehr-grafenschachen.at\/fw\/wp-json\/wp\/v2\/media?parent=1507"}],"wp:term":[{"taxonomy":"category","embeddable":true,"href":"https:\/\/www.feuerwehr-grafenschachen.at\/fw\/wp-json\/wp\/v2\/categories?post=1507"},{"taxonomy":"post_tag","embeddable":true,"href":"https:\/\/www.feuerwehr-grafenschachen.at\/fw\/wp-json\/wp\/v2\/tags?post=1507"}],"curies":[{"name":"wp","href":"https:\/\/api.w.org\/{rel}","templated":true}]}}